{"id":786,"date":"2026-09-01T09:07:24","date_gmt":"2026-09-01T07:07:24","guid":{"rendered":"https:\/\/www.die-schrifterzaehler.de\/?p=786"},"modified":"2026-09-01T09:07:24","modified_gmt":"2026-09-01T07:07:24","slug":"s5f6-verspottung-kreuzigung-und-tod","status":"publish","type":"post","link":"https:\/\/www.die-schrifterzaehler.de\/index.php\/2026\/09\/01\/s5f6-verspottung-kreuzigung-und-tod\/","title":{"rendered":"S5F6: Verspottung, Kreuzigung und Tod"},"content":{"rendered":"<div><script id=\"letscast-player-6dbb7d44\" src=\"https:\/\/letscast.fm\/podcasts\/die-schrifterzaehler-384714de\/episodes\/s5f6-verspottung-kreuzigung-und-tod\/player.js\"><\/script><\/div>\n<p><!--more--><\/p>\n<p>Die f\u00fcnfte Staffel der Schrifterz\u00e4hler widmet sich in sieben Folgen der matth\u00e4ischen Passionserz\u00e4hlung. Die Evangelien als Ganze werden zu Recht als Passionsgeschichten mit ausf\u00fchrlicher Einleitung bezeichnet. In der sechsten Folge der f\u00fcnften Staffel wird das von Pilatus gef\u00e4llte Urteil zum Tod am Kreuz vollstreckt. Die Kreuzigung war eine grausame Strafe. Der Tod konnte sich \u00fcber Tage hinziehen. Die Verurteilten wurden ihrer W\u00fcrde beraubt, gedem\u00fctigt und dem Sadismus der Henker ausgeliefert. F\u00fcr Juden ist klar: Ein Messias kann auf keinen Fall auf diese Weise sterben.<\/p>\n<p>Die Strafe war so grausam, dass sie r\u00f6mischen B\u00fcrgern erspart bleiben sollte. Alle damals Lebenden wussten, was dieser Tod bedeutet. Deshalb k\u00f6nnen die Evangelisten &#8211; auch Matth\u00e4us &#8211; in ihrer Erz\u00e4hlweise diskret bleiben. Andeutungen gen\u00fcgen ihnen, um das Grauen dieses Todes, der als Fluchtod oder Tod der Gottverlassenheit galt, vor Augen zu stellen.<\/p>\n<p>Jesus stirbt mit diesem Schrei am Kreuz: \u201eMein Gott, mein Gott, warum hast Du mich verlassen?\u201c Hat er da etwa den Psalm 22 gebetet? Oder stirbt er mit diesen Worten in dem Bewusstsein tiefster Einsamkeit und Verlassenheit? Was steckt hinter der einbrechenden Finsternis? Und was bedeutet das Zerrei\u00dfen des Vorhangs im Tempel?<\/p>\n<p>Werner Kleine und Till Magnus Steiner gehen dieser und anderen Fragen nach und erz\u00e4hlen die Ereignisse um den Kreuzestod Jesu, auf den alle Evangelien zulaufen, neu. Dabei lesen sie zwischen den Zeilen und bringen nicht nur neue Perspektiven zur Geltung, sondern werfen auch einen Blick auf die historischen Umst\u00e4nde.<\/p>\n<p>Die beiden neuen Schrifterz\u00e4hlungen k\u00f6nnt Ihr hier nachlesen:<\/p>\n<p><a href=\"https:\/\/www.die-schrifterzaehler.de\/wp-content\/uploads\/2026\/08\/text-S5F6-Mt-27-Ho-Mikros-ermittelt-Der-zerrissene-Vorhang-WK.pdf\" target=\"_blank\" rel=\"noopener\">\u201eHo Mikro\u0301s ermittelt &#8211; Der zerrissene Vorhang\u201c<\/a>, von Werner Kleine<\/p>\n<p><a href=\"https:\/\/www.die-schrifterzaehler.de\/wp-content\/uploads\/2026\/08\/text-S5F6-Mt-27-Ausgebliebene-Wunder-TMS.pdf\" target=\"_blank\" rel=\"noopener\">\u201eAusgebliebene Wunder\u201c<\/a>, von Till Magnus Steiner<\/p>\n<p>Wenn Euch die Folge gefallen hat, empfehlt unseren Podcast gerne Freunden und Bekannten, hinterlasst uns eine Bewertung auf Spotify, Apple Podcast oder dort, wo Ihr uns h\u00f6rt, und abonniert uns, damit Ihr keine neue Folge verpasst. Damit Ihr die neuen Folgen auf keinen Fall verpasst, k\u00f6nnt Ihr auch einfach unseren Newsletter auf unserer Homepage abonnieren \u2013 <a href=\"https:\/\/www.die-schrifterzaehler.de\/index.php\/newsletter\/\">Newsletter abonnieren<\/a>. Und wenn Ihr uns eine Frage stellen oder uns gar eine eigene Geschichte schicken wollte, dann schreibt uns gerne eine Mail an <a href=\"mailto:info@die-schrifterzaehler.de\">info@die-schrifterzaehler.de<\/a><\/p>\n<p>In der siebten Folge der f\u00fcnften Staffel folgen wir der matth\u00e4ischen Passionserz\u00e4hlung der Passion Jesu weiter und erz\u00e4hlen Euch dann die Geschehnisse um die Entdeckung des leeren Grabes und die Begegnung mit dem Auferstandenen neu \u2013 seid gespannt!<\/p>\n<p>Weiterf\u00fchrende Links:<\/p>\n<ul>\n<li>Werner hat sich der Matth\u00e4uspassion bereits in seiner Reihe \u201eGlaubensinformation\u201c gewidmet. Die Folge <a href=\"https:\/\/www.youtube.com\/watch?v=cXaba7_9WeU\" target=\"_blank\" rel=\"noopener\">\u201eDas Schicksal des Propheten &#8211; eine Einf\u00fchrung in die Matth\u00e4uspassion (Glaubensinformation)\u201c<\/a> vom 13.3.2024 findet ihr bei Youtube.<\/li>\n<li>Werner hat sich in der Reihe Glaubensinformation bereits ausf\u00fchrlich mit dem letzten Tag im Leben Jesu befasst. Ihr findet das Video bei <a href=\"https:\/\/youtu.be\/SHgTEhIvmag?si=azqJKJvKR7MWvBVs\" target=\"_blank\" rel=\"noopener\">Youtube<\/a>.<\/li>\n<li>Zur Ambivalenz des Kreuzes, das Christen erst sp\u00e4t als Zeichen f\u00fcr ihren Glauben entdeckten, hat Werner bereits 2026 einen Beitrag im Blog \u201eDie Verbum\u201c, den er mit Till betreibt, ver\u00f6ffentlicht. Den Essay findet ihr unter: <a href=\"https:\/\/www.dei-verbum.de\/da-standen-sie-und-konnten-auch-anders\/\" target=\"_blank\" rel=\"noopener\">\u201eDa standen sie und konnten auch anders. Oder: Wer sich mit dem Kreuze schm\u00fcckt, ist noch lange kein Bekenner\u201c<\/a>.<\/li>\n<li>Immer noch ein Standardwerk eines Neutestamentlers zum letzten Tag Jesu ist das Buch \u201eDer letzte Tag Jesu. Die Ereignisse der Passion\u201c von Gerhard Lohfink (Freiburg i.Br. 1989)<\/li>\n<li>Der arch\u00e4ologische Fund einer durchnagelten Ferse best\u00e4tigt die Praxis der Kreuzigung. N\u00e4heres dazu findet sich in einem Beitrag bei <a href=\"https:\/\/www.spektrum.de\/alias\/bilder-der-woche\/england-skelett-eines-gekreuzigten-entdeckt\/1961245\" target=\"_blank\" rel=\"noopener\">spektrum.de<\/a>.<\/li>\n<li>Und das Gedicht am Ende der Folge stammt von Christina Busta und tr\u00e4gt den Titel \u201eSp\u00e4te Aufzeichnungen \u00fcber Simon von Cyrene\u201c. Ihr findet es in: Christina Busta, Wenn Du das Wappen der Liebe malst, Otto Verlag <sup>3<\/sup><\/li>\n<\/ul>\n","protected":false},"excerpt":{"rendered":"","protected":false},"author":1,"featured_media":0,"comment_status":"closed","ping_status":"closed","sticky":false,"template":"","format":"standard","meta":{"neve_meta_sidebar":"","neve_meta_container":"","neve_meta_enable_content_width":"off","neve_meta_content_width":70,"neve_meta_title_alignment":"","neve_meta_author_avatar":"","neve_post_elements_order":"","neve_meta_disable_header":"","neve_meta_disable_footer":"","neve_meta_disable_title":"","footnotes":""},"categories":[1,89],"tags":[52,51,54,103],"class_list":["post-786","post","type-post","status-publish","format-standard","hentry","category-episoden","category-staffel-5","tag-kreuz","tag-kreuzigung","tag-tod","tag-vorhang"],"_links":{"self":[{"href":"https:\/\/www.die-schrifterzaehler.de\/index.php\/wp-json\/wp\/v2\/posts\/786","targetHints":{"allow":["GET"]}}],"collection":[{"href":"https:\/\/www.die-schrifterzaehler.de\/index.php\/wp-json\/wp\/v2\/posts"}],"about":[{"href":"https:\/\/www.die-schrifterzaehler.de\/index.php\/wp-json\/wp\/v2\/types\/post"}],"author":[{"embeddable":true,"href":"https:\/\/www.die-schrifterzaehler.de\/index.php\/wp-json\/wp\/v2\/users\/1"}],"replies":[{"embeddable":true,"href":"https:\/\/www.die-schrifterzaehler.de\/index.php\/wp-json\/wp\/v2\/comments?post=786"}],"version-history":[{"count":1,"href":"https:\/\/www.die-schrifterzaehler.de\/index.php\/wp-json\/wp\/v2\/posts\/786\/revisions"}],"predecessor-version":[{"id":787,"href":"https:\/\/www.die-schrifterzaehler.de\/index.php\/wp-json\/wp\/v2\/posts\/786\/revisions\/787"}],"wp:attachment":[{"href":"https:\/\/www.die-schrifterzaehler.de\/index.php\/wp-json\/wp\/v2\/media?parent=786"}],"wp:term":[{"taxonomy":"category","embeddable":true,"href":"https:\/\/www.die-schrifterzaehler.de\/index.php\/wp-json\/wp\/v2\/categories?post=786"},{"taxonomy":"post_tag","embeddable":true,"href":"https:\/\/www.die-schrifterzaehler.de\/index.php\/wp-json\/wp\/v2\/tags?post=786"}],"curies":[{"name":"wp","href":"https:\/\/api.w.org\/{rel}","templated":true}]}}